{"id":19282,"date":"2025-01-22T10:51:49","date_gmt":"2025-01-22T09:51:49","guid":{"rendered":"https:\/\/www.maiolegal.com\/?p=19282"},"modified":"2025-01-22T10:51:50","modified_gmt":"2025-01-22T09:51:50","slug":"alejandro-gil-analiza-en-onda-cero-el-estado-actual-de-la-reduccion-de-jornada-en-espana","status":"publish","type":"post","link":"https:\/\/www.maiolegal.com\/en\/alejandro-gil-analiza-en-onda-cero-el-estado-actual-de-la-reduccion-de-jornada-en-espana\/","title":{"rendered":"Alejandro Gil analiza en Onda Cero el estado actual de la reducci\u00f3n de jornada en Espa\u00f1a"},"content":{"rendered":"<p>En el espacio de MAIO Legal en Onda Cero Vigo, Alejandro Gil, abogado de MAIO Legal, analiz\u00f3 la reducci\u00f3n de la jornada laboral en Espa\u00f1a. Se explicaron las distintas v\u00edas legales para implementarla, destacando sus implicaciones pr\u00e1cticas para empresas y trabajadores. Adem\u00e1s, se mencion\u00f3 la posibilidad de que esta medida no sea efectiva hasta 2026 debido a desaf\u00edos normativos y la necesidad de alcanzar consensos. Alejandro Gil ofreci\u00f3 consejos para que las organizaciones se preparen ante estos cambios.<\/p>\n<p style=\"text-align: center\"><a href=\"https:\/\/www.ondacero.es\/emisoras\/galicia\/vigo\/vigo\/espacio-maio-legal-14012025_202501156787a7ab4f1fb700018aba24.html\">Espacio\u00a0Maio\u00a0Legal 14\/01\/2025 | Onda Cero Radio<\/a><\/p>\n<p>&nbsp;<\/p>\n<p><img loading=\"lazy\" decoding=\"async\" class=\"aligncenter size-full wp-image-19278\" src=\"https:\/\/www.maiolegal.com\/wp-content\/uploads\/Alejandor-GIl-reduccion-jranada.png\" alt=\"\" width=\"1920\" height=\"1004\" srcset=\"https:\/\/www.maiolegal.com\/wp-content\/uploads\/Alejandor-GIl-reduccion-jranada.png 1920w, https:\/\/www.maiolegal.com\/wp-content\/uploads\/Alejandor-GIl-reduccion-jranada-1280x669.png 1280w, https:\/\/www.maiolegal.com\/wp-content\/uploads\/Alejandor-GIl-reduccion-jranada-980x512.png 980w, https:\/\/www.maiolegal.com\/wp-content\/uploads\/Alejandor-GIl-reduccion-jranada-480x251.png 480w\" sizes=\"(min-width: 0px) and (max-width: 480px) 480px, (min-width: 481px) and (max-width: 980px) 980px, (min-width: 981px) and (max-width: 1280px) 1280px, (min-width: 1281px) 1920px, 100vw\" \/><\/p>\n","protected":false},"excerpt":{"rendered":"<p>En el espacio de MAIO Legal en Onda Cero Vigo, Alejandro Gil, abogado de MAIO Legal, analiz\u00f3 la reducci\u00f3n de la jornada laboral en Espa\u00f1a. Se explicaron las distintas v\u00edas legales para implementarla, destacando sus implicaciones pr\u00e1cticas para empresas y trabajadores. Adem\u00e1s, se mencion\u00f3 la posibilidad de que esta medida no sea efectiva hasta 2026 [&hellip;]<\/p>\n","protected":false},"author":4,"featured_media":19279,"comment_status":"closed","ping_status":"closed","sticky":false,"template":"","format":"standard","meta":{"_et_pb_use_builder":"","_et_pb_old_content":"","_et_gb_content_width":"","footnotes":""},"categories":[178],"tags":[],"class_list":["post-19282","post","type-post","status-publish","format-standard","has-post-thumbnail","hentry","category-novedades-en"],"yoast_head":"<!-- This site is optimized with the Yoast SEO plugin v27.4 - https:\/\/yoast.com\/product\/yoast-seo-wordpress\/ -->\n<title>Alejandro Gil analiza en Onda Cero el estado actual de la reducci\u00f3n de jornada en Espa\u00f1a - MAIO Legal<\/title>\n<meta name=\"robots\" content=\"index, follow, max-snippet:-1, max-image-preview:large, max-video-preview:-1\" \/>\n<link rel=\"canonical\" href=\"https:\/\/www.maiolegal.com\/en\/alejandro-gil-analiza-en-onda-cero-el-estado-actual-de-la-reduccion-de-jornada-en-espana\/\" \/>\n<meta property=\"og:locale\" content=\"en_US\" \/>\n<meta property=\"og:type\" content=\"article\" \/>\n<meta property=\"og:title\" content=\"Alejandro Gil analiza en Onda Cero el estado actual de la reducci\u00f3n de jornada en Espa\u00f1a - MAIO Legal\" \/>\n<meta property=\"og:description\" content=\"En el espacio de MAIO Legal en Onda Cero Vigo, Alejandro Gil, abogado de MAIO Legal, analiz\u00f3 la reducci\u00f3n de la jornada laboral en Espa\u00f1a. Se explicaron las distintas v\u00edas legales para implementarla, destacando sus implicaciones pr\u00e1cticas para empresas y trabajadores. Adem\u00e1s, se mencion\u00f3 la posibilidad de que esta medida no sea efectiva hasta 2026 [&hellip;]\" \/>\n<meta property=\"og:url\" content=\"https:\/\/www.maiolegal.com\/en\/alejandro-gil-analiza-en-onda-cero-el-estado-actual-de-la-reduccion-de-jornada-en-espana\/\" \/>\n<meta property=\"og:site_name\" content=\"MAIO Legal\" \/>\n<meta property=\"article:published_time\" content=\"2025-01-22T09:51:49+00:00\" \/>\n<meta property=\"article:modified_time\" content=\"2025-01-22T09:51:50+00:00\" \/>\n<meta property=\"og:image\" content=\"https:\/\/www.maiolegal.com\/wp-content\/uploads\/Alejandor-GIl-reduccion-jranada.png\" \/>\n\t<meta property=\"og:image:width\" content=\"1920\" \/>\n\t<meta property=\"og:image:height\" content=\"1004\" \/>\n\t<meta property=\"og:image:type\" content=\"image\/png\" \/>\n<meta name=\"author\" content=\"maiolegal\" \/>\n<meta name=\"twitter:card\" content=\"summary_large_image\" \/>\n<meta name=\"twitter:label1\" content=\"Written by\" \/>\n\t<meta name=\"twitter:data1\" content=\"maiolegal\" \/>\n\t<meta name=\"twitter:label2\" content=\"Est. reading time\" \/>\n\t<meta name=\"twitter:data2\" content=\"1 minute\" \/>\n<script type=\"application\/ld+json\" class=\"yoast-schema-graph\">{\"@context\":\"https:\\\/\\\/schema.org\",\"@graph\":[{\"@type\":\"Article\",\"@id\":\"https:\\\/\\\/www.maiolegal.com\\\/en\\\/alejandro-gil-analiza-en-onda-cero-el-estado-actual-de-la-reduccion-de-jornada-en-espana\\\/#article\",\"isPartOf\":{\"@id\":\"https:\\\/\\\/www.maiolegal.com\\\/en\\\/alejandro-gil-analiza-en-onda-cero-el-estado-actual-de-la-reduccion-de-jornada-en-espana\\\/\"},\"author\":{\"name\":\"maiolegal\",\"@id\":\"https:\\\/\\\/www.maiolegal.com\\\/en\\\/#\\\/schema\\\/person\\\/164f66cf5964d8094bfed77cf91abcaf\"},\"headline\":\"Alejandro Gil analiza en Onda Cero el estado actual de la reducci\u00f3n de jornada en Espa\u00f1a\",\"datePublished\":\"2025-01-22T09:51:49+00:00\",\"dateModified\":\"2025-01-22T09:51:50+00:00\",\"mainEntityOfPage\":{\"@id\":\"https:\\\/\\\/www.maiolegal.com\\\/en\\\/alejandro-gil-analiza-en-onda-cero-el-estado-actual-de-la-reduccion-de-jornada-en-espana\\\/\"},\"wordCount\":108,\"image\":{\"@id\":\"https:\\\/\\\/www.maiolegal.com\\\/en\\\/alejandro-gil-analiza-en-onda-cero-el-estado-actual-de-la-reduccion-de-jornada-en-espana\\\/#primaryimage\"},\"thumbnailUrl\":\"https:\\\/\\\/www.maiolegal.com\\\/wp-content\\\/uploads\\\/Alejandor-GIl-reduccion-jranada.png\",\"articleSection\":[\"Novedades\"],\"inLanguage\":\"en-US\"},{\"@type\":\"WebPage\",\"@id\":\"https:\\\/\\\/www.maiolegal.com\\\/en\\\/alejandro-gil-analiza-en-onda-cero-el-estado-actual-de-la-reduccion-de-jornada-en-espana\\\/\",\"url\":\"https:\\\/\\\/www.maiolegal.com\\\/en\\\/alejandro-gil-analiza-en-onda-cero-el-estado-actual-de-la-reduccion-de-jornada-en-espana\\\/\",\"name\":\"Alejandro Gil analiza en Onda Cero el estado actual de la reducci\u00f3n de jornada en Espa\u00f1a - MAIO Legal\",\"isPartOf\":{\"@id\":\"https:\\\/\\\/www.maiolegal.com\\\/en\\\/#website\"},\"primaryImageOfPage\":{\"@id\":\"https:\\\/\\\/www.maiolegal.com\\\/en\\\/alejandro-gil-analiza-en-onda-cero-el-estado-actual-de-la-reduccion-de-jornada-en-espana\\\/#primaryimage\"},\"image\":{\"@id\":\"https:\\\/\\\/www.maiolegal.com\\\/en\\\/alejandro-gil-analiza-en-onda-cero-el-estado-actual-de-la-reduccion-de-jornada-en-espana\\\/#primaryimage\"},\"thumbnailUrl\":\"https:\\\/\\\/www.maiolegal.com\\\/wp-content\\\/uploads\\\/Alejandor-GIl-reduccion-jranada.png\",\"datePublished\":\"2025-01-22T09:51:49+00:00\",\"dateModified\":\"2025-01-22T09:51:50+00:00\",\"author\":{\"@id\":\"https:\\\/\\\/www.maiolegal.com\\\/en\\\/#\\\/schema\\\/person\\\/164f66cf5964d8094bfed77cf91abcaf\"},\"breadcrumb\":{\"@id\":\"https:\\\/\\\/www.maiolegal.com\\\/en\\\/alejandro-gil-analiza-en-onda-cero-el-estado-actual-de-la-reduccion-de-jornada-en-espana\\\/#breadcrumb\"},\"inLanguage\":\"en-US\",\"potentialAction\":[{\"@type\":\"ReadAction\",\"target\":[\"https:\\\/\\\/www.maiolegal.com\\\/en\\\/alejandro-gil-analiza-en-onda-cero-el-estado-actual-de-la-reduccion-de-jornada-en-espana\\\/\"]}]},{\"@type\":\"ImageObject\",\"inLanguage\":\"en-US\",\"@id\":\"https:\\\/\\\/www.maiolegal.com\\\/en\\\/alejandro-gil-analiza-en-onda-cero-el-estado-actual-de-la-reduccion-de-jornada-en-espana\\\/#primaryimage\",\"url\":\"https:\\\/\\\/www.maiolegal.com\\\/wp-content\\\/uploads\\\/Alejandor-GIl-reduccion-jranada.png\",\"contentUrl\":\"https:\\\/\\\/www.maiolegal.com\\\/wp-content\\\/uploads\\\/Alejandor-GIl-reduccion-jranada.png\",\"width\":1920,\"height\":1004},{\"@type\":\"BreadcrumbList\",\"@id\":\"https:\\\/\\\/www.maiolegal.com\\\/en\\\/alejandro-gil-analiza-en-onda-cero-el-estado-actual-de-la-reduccion-de-jornada-en-espana\\\/#breadcrumb\",\"itemListElement\":[{\"@type\":\"ListItem\",\"position\":1,\"name\":\"Home\",\"item\":\"https:\\\/\\\/www.maiolegal.com\\\/en\\\/\"},{\"@type\":\"ListItem\",\"position\":2,\"name\":\"Alejandro Gil analiza en Onda Cero el estado actual de la reducci\u00f3n de jornada en Espa\u00f1a\"}]},{\"@type\":\"WebSite\",\"@id\":\"https:\\\/\\\/www.maiolegal.com\\\/en\\\/#website\",\"url\":\"https:\\\/\\\/www.maiolegal.com\\\/en\\\/\",\"name\":\"MAIO Legal\",\"description\":\"Asesoramiento legal y tributario\",\"potentialAction\":[{\"@type\":\"SearchAction\",\"target\":{\"@type\":\"EntryPoint\",\"urlTemplate\":\"https:\\\/\\\/www.maiolegal.com\\\/en\\\/?s={search_term_string}\"},\"query-input\":{\"@type\":\"PropertyValueSpecification\",\"valueRequired\":true,\"valueName\":\"search_term_string\"}}],\"inLanguage\":\"en-US\"},{\"@type\":\"Person\",\"@id\":\"https:\\\/\\\/www.maiolegal.com\\\/en\\\/#\\\/schema\\\/person\\\/164f66cf5964d8094bfed77cf91abcaf\",\"name\":\"maiolegal\",\"image\":{\"@type\":\"ImageObject\",\"inLanguage\":\"en-US\",\"@id\":\"https:\\\/\\\/secure.gravatar.com\\\/avatar\\\/bc55e3c6304684e0cc8123f235e967ea32b210076c987c0fa3ff4ca3abe88355?s=96&d=mm&r=g\",\"url\":\"https:\\\/\\\/secure.gravatar.com\\\/avatar\\\/bc55e3c6304684e0cc8123f235e967ea32b210076c987c0fa3ff4ca3abe88355?s=96&d=mm&r=g\",\"contentUrl\":\"https:\\\/\\\/secure.gravatar.com\\\/avatar\\\/bc55e3c6304684e0cc8123f235e967ea32b210076c987c0fa3ff4ca3abe88355?s=96&d=mm&r=g\",\"caption\":\"maiolegal\"},\"url\":\"https:\\\/\\\/www.maiolegal.com\\\/en\\\/author\\\/maiolegal\\\/\"}]}<\/script>\n<!-- \/ Yoast SEO plugin. -->","yoast_head_json":{"title":"Alejandro Gil analiza en Onda Cero el estado actual de la reducci\u00f3n de jornada en Espa\u00f1a - MAIO Legal","robots":{"index":"index","follow":"follow","max-snippet":"max-snippet:-1","max-image-preview":"max-image-preview:large","max-video-preview":"max-video-preview:-1"},"canonical":"https:\/\/www.maiolegal.com\/en\/alejandro-gil-analiza-en-onda-cero-el-estado-actual-de-la-reduccion-de-jornada-en-espana\/","og_locale":"en_US","og_type":"article","og_title":"Alejandro Gil analiza en Onda Cero el estado actual de la reducci\u00f3n de jornada en Espa\u00f1a - MAIO Legal","og_description":"En el espacio de MAIO Legal en Onda Cero Vigo, Alejandro Gil, abogado de MAIO Legal, analiz\u00f3 la reducci\u00f3n de la jornada laboral en Espa\u00f1a. Se explicaron las distintas v\u00edas legales para implementarla, destacando sus implicaciones pr\u00e1cticas para empresas y trabajadores. Adem\u00e1s, se mencion\u00f3 la posibilidad de que esta medida no sea efectiva hasta 2026 [&hellip;]","og_url":"https:\/\/www.maiolegal.com\/en\/alejandro-gil-analiza-en-onda-cero-el-estado-actual-de-la-reduccion-de-jornada-en-espana\/","og_site_name":"MAIO Legal","article_published_time":"2025-01-22T09:51:49+00:00","article_modified_time":"2025-01-22T09:51:50+00:00","og_image":[{"width":1920,"height":1004,"url":"https:\/\/www.maiolegal.com\/wp-content\/uploads\/Alejandor-GIl-reduccion-jranada.png","type":"image\/png"}],"author":"maiolegal","twitter_card":"summary_large_image","twitter_misc":{"Written by":"maiolegal","Est. reading time":"1 minute"},"schema":{"@context":"https:\/\/schema.org","@graph":[{"@type":"Article","@id":"https:\/\/www.maiolegal.com\/en\/alejandro-gil-analiza-en-onda-cero-el-estado-actual-de-la-reduccion-de-jornada-en-espana\/#article","isPartOf":{"@id":"https:\/\/www.maiolegal.com\/en\/alejandro-gil-analiza-en-onda-cero-el-estado-actual-de-la-reduccion-de-jornada-en-espana\/"},"author":{"name":"maiolegal","@id":"https:\/\/www.maiolegal.com\/en\/#\/schema\/person\/164f66cf5964d8094bfed77cf91abcaf"},"headline":"Alejandro Gil analiza en Onda Cero el estado actual de la reducci\u00f3n de jornada en Espa\u00f1a","datePublished":"2025-01-22T09:51:49+00:00","dateModified":"2025-01-22T09:51:50+00:00","mainEntityOfPage":{"@id":"https:\/\/www.maiolegal.com\/en\/alejandro-gil-analiza-en-onda-cero-el-estado-actual-de-la-reduccion-de-jornada-en-espana\/"},"wordCount":108,"image":{"@id":"https:\/\/www.maiolegal.com\/en\/alejandro-gil-analiza-en-onda-cero-el-estado-actual-de-la-reduccion-de-jornada-en-espana\/#primaryimage"},"thumbnailUrl":"https:\/\/www.maiolegal.com\/wp-content\/uploads\/Alejandor-GIl-reduccion-jranada.png","articleSection":["Novedades"],"inLanguage":"en-US"},{"@type":"WebPage","@id":"https:\/\/www.maiolegal.com\/en\/alejandro-gil-analiza-en-onda-cero-el-estado-actual-de-la-reduccion-de-jornada-en-espana\/","url":"https:\/\/www.maiolegal.com\/en\/alejandro-gil-analiza-en-onda-cero-el-estado-actual-de-la-reduccion-de-jornada-en-espana\/","name":"Alejandro Gil analiza en Onda Cero el estado actual de la reducci\u00f3n de jornada en Espa\u00f1a - MAIO Legal","isPartOf":{"@id":"https:\/\/www.maiolegal.com\/en\/#website"},"primaryImageOfPage":{"@id":"https:\/\/www.maiolegal.com\/en\/alejandro-gil-analiza-en-onda-cero-el-estado-actual-de-la-reduccion-de-jornada-en-espana\/#primaryimage"},"image":{"@id":"https:\/\/www.maiolegal.com\/en\/alejandro-gil-analiza-en-onda-cero-el-estado-actual-de-la-reduccion-de-jornada-en-espana\/#primaryimage"},"thumbnailUrl":"https:\/\/www.maiolegal.com\/wp-content\/uploads\/Alejandor-GIl-reduccion-jranada.png","datePublished":"2025-01-22T09:51:49+00:00","dateModified":"2025-01-22T09:51:50+00:00","author":{"@id":"https:\/\/www.maiolegal.com\/en\/#\/schema\/person\/164f66cf5964d8094bfed77cf91abcaf"},"breadcrumb":{"@id":"https:\/\/www.maiolegal.com\/en\/alejandro-gil-analiza-en-onda-cero-el-estado-actual-de-la-reduccion-de-jornada-en-espana\/#breadcrumb"},"inLanguage":"en-US","potentialAction":[{"@type":"ReadAction","target":["https:\/\/www.maiolegal.com\/en\/alejandro-gil-analiza-en-onda-cero-el-estado-actual-de-la-reduccion-de-jornada-en-espana\/"]}]},{"@type":"ImageObject","inLanguage":"en-US","@id":"https:\/\/www.maiolegal.com\/en\/alejandro-gil-analiza-en-onda-cero-el-estado-actual-de-la-reduccion-de-jornada-en-espana\/#primaryimage","url":"https:\/\/www.maiolegal.com\/wp-content\/uploads\/Alejandor-GIl-reduccion-jranada.png","contentUrl":"https:\/\/www.maiolegal.com\/wp-content\/uploads\/Alejandor-GIl-reduccion-jranada.png","width":1920,"height":1004},{"@type":"BreadcrumbList","@id":"https:\/\/www.maiolegal.com\/en\/alejandro-gil-analiza-en-onda-cero-el-estado-actual-de-la-reduccion-de-jornada-en-espana\/#breadcrumb","itemListElement":[{"@type":"ListItem","position":1,"name":"Home","item":"https:\/\/www.maiolegal.com\/en\/"},{"@type":"ListItem","position":2,"name":"Alejandro Gil analiza en Onda Cero el estado actual de la reducci\u00f3n de jornada en Espa\u00f1a"}]},{"@type":"WebSite","@id":"https:\/\/www.maiolegal.com\/en\/#website","url":"https:\/\/www.maiolegal.com\/en\/","name":"MAIO Legal","description":"Asesoramiento legal y tributario","potentialAction":[{"@type":"SearchAction","target":{"@type":"EntryPoint","urlTemplate":"https:\/\/www.maiolegal.com\/en\/?s={search_term_string}"},"query-input":{"@type":"PropertyValueSpecification","valueRequired":true,"valueName":"search_term_string"}}],"inLanguage":"en-US"},{"@type":"Person","@id":"https:\/\/www.maiolegal.com\/en\/#\/schema\/person\/164f66cf5964d8094bfed77cf91abcaf","name":"maiolegal","image":{"@type":"ImageObject","inLanguage":"en-US","@id":"https:\/\/secure.gravatar.com\/avatar\/bc55e3c6304684e0cc8123f235e967ea32b210076c987c0fa3ff4ca3abe88355?s=96&d=mm&r=g","url":"https:\/\/secure.gravatar.com\/avatar\/bc55e3c6304684e0cc8123f235e967ea32b210076c987c0fa3ff4ca3abe88355?s=96&d=mm&r=g","contentUrl":"https:\/\/secure.gravatar.com\/avatar\/bc55e3c6304684e0cc8123f235e967ea32b210076c987c0fa3ff4ca3abe88355?s=96&d=mm&r=g","caption":"maiolegal"},"url":"https:\/\/www.maiolegal.com\/en\/author\/maiolegal\/"}]}},"_links":{"self":[{"href":"https:\/\/www.maiolegal.com\/en\/wp-json\/wp\/v2\/posts\/19282","targetHints":{"allow":["GET"]}}],"collection":[{"href":"https:\/\/www.maiolegal.com\/en\/wp-json\/wp\/v2\/posts"}],"about":[{"href":"https:\/\/www.maiolegal.com\/en\/wp-json\/wp\/v2\/types\/post"}],"author":[{"embeddable":true,"href":"https:\/\/www.maiolegal.com\/en\/wp-json\/wp\/v2\/users\/4"}],"replies":[{"embeddable":true,"href":"https:\/\/www.maiolegal.com\/en\/wp-json\/wp\/v2\/comments?post=19282"}],"version-history":[{"count":1,"href":"https:\/\/www.maiolegal.com\/en\/wp-json\/wp\/v2\/posts\/19282\/revisions"}],"predecessor-version":[{"id":19284,"href":"https:\/\/www.maiolegal.com\/en\/wp-json\/wp\/v2\/posts\/19282\/revisions\/19284"}],"wp:featuredmedia":[{"embeddable":true,"href":"https:\/\/www.maiolegal.com\/en\/wp-json\/wp\/v2\/media\/19279"}],"wp:attachment":[{"href":"https:\/\/www.maiolegal.com\/en\/wp-json\/wp\/v2\/media?parent=19282"}],"wp:term":[{"taxonomy":"category","embeddable":true,"href":"https:\/\/www.maiolegal.com\/en\/wp-json\/wp\/v2\/categories?post=19282"},{"taxonomy":"post_tag","embeddable":true,"href":"https:\/\/www.maiolegal.com\/en\/wp-json\/wp\/v2\/tags?post=19282"}],"curies":[{"name":"wp","href":"https:\/\/api.w.org\/{rel}","templated":true}]}}