{"id":20648,"date":"2026-01-26T10:52:08","date_gmt":"2026-01-26T09:52:08","guid":{"rendered":"https:\/\/www.maiolegal.com\/ana-martinez-obradors-participa-en-el-ii-congreso-de-derecho-del-turismo\/"},"modified":"2026-01-26T10:52:08","modified_gmt":"2026-01-26T09:52:08","slug":"ana-martinez-obradors-participa-en-el-ii-congreso-de-derecho-del-turismo","status":"publish","type":"post","link":"https:\/\/www.maiolegal.com\/en\/ana-martinez-obradors-participa-en-el-ii-congreso-de-derecho-del-turismo\/","title":{"rendered":"Ana Mart\u00ednez Obradors participa en el II Congreso de Derecho del Turismo"},"content":{"rendered":"<p><a href=\"https:\/\/www.maiolegal.com\/en\/team\/professional\/ana-martinez\/\"><span style=\"font-weight: 400\">Ana Mart\u00ednez Obradors<\/span><\/a><span style=\"font-weight: 400\">, socia responsable del Departamento de Arbitraje de MAIO Legal y vocal de la Corte de Arbitraje del <\/span><a href=\"https:\/\/web.icam.es\/\"><span style=\"font-weight: 400\">Ilustre Colegio de la Abogac\u00eda de Madrid<\/span><\/a><span style=\"font-weight: 400\">, ha participado como ponente en el II Congreso de Derecho del Turismo, en la mesa redonda titulada \u2018<\/span><i><span style=\"font-weight: 400\">Arbitraje y medios alternativos de soluci\u00f3n de conflictos en el sector tur\u00edstico<\/span><\/i><span style=\"font-weight: 400\">\u2019, moderada por Juan Carlos Alonso y junto a Omar Puertas \u00c1lvarez y David Vich.<\/span><\/p>\n<p><span style=\"font-weight: 400\">Durante la sesi\u00f3n se analiz\u00f3 el papel del arbitraje como mecanismo especialmente adecuado para un sector caracterizado por la complejidad t\u00e9cnica de sus contratos, como los vinculados a la gesti\u00f3n hotelera, construcci\u00f3n, compraventa, arrendamiento o b\u00fasqueda de operador. Los ponentes destacaron que este contexto hace recomendable que las controversias sean resueltas por profesionales con conocimiento especializado del sector.<\/span><\/p>\n<p><span style=\"font-weight: 400\">Asimismo, se puso el foco en aspectos clave para la eficacia del arbitraje en entornos internacionales, como la neutralidad de la sede, la celeridad del procedimiento frente a la jurisdicci\u00f3n ordinaria y la confidencialidad, factores especialmente relevantes en relaciones contractuales de larga duraci\u00f3n.<\/span><\/p>\n<p><span style=\"font-weight: 400\">Finalmente, se subray\u00f3 la importancia de una adecuada redacci\u00f3n de las cl\u00e1usulas de sumisi\u00f3n a arbitraje, adaptadas a cada contrato, as\u00ed como la conveniencia de utilizar cl\u00e1usulas escalonadas y realizar una correcta elecci\u00f3n de la corte arbitral y la sede del procedimiento.<\/span><\/p>\n<p><img loading=\"lazy\" decoding=\"async\" class=\"aligncenter size-large wp-image-20641\" src=\"https:\/\/www.maiolegal.com\/wp-content\/uploads\/Imagenes-MAIO.pptx-8-1024x535.jpg\" alt=\"\" width=\"1024\" height=\"535\" srcset=\"https:\/\/www.maiolegal.com\/wp-content\/uploads\/Imagenes-MAIO.pptx-8-980x512.jpg 980w, https:\/\/www.maiolegal.com\/wp-content\/uploads\/Imagenes-MAIO.pptx-8-480x251.jpg 480w\" sizes=\"(min-width: 0px) and (max-width: 480px) 480px, (min-width: 481px) and (max-width: 980px) 980px, (min-width: 981px) 1024px, 100vw\" \/><\/p>\n","protected":false},"excerpt":{"rendered":"<p>Ana Mart\u00ednez Obradors, socia responsable del Departamento de Arbitraje de MAIO Legal y vocal de la Corte de Arbitraje del Ilustre Colegio de la Abogac\u00eda de Madrid, ha participado como ponente en el II Congreso de Derecho del Turismo, en la mesa redonda titulada \u2018Arbitraje y medios alternativos de soluci\u00f3n de conflictos en el sector [&hellip;]<\/p>\n","protected":false},"author":9,"featured_media":20646,"comment_status":"closed","ping_status":"closed","sticky":false,"template":"","format":"standard","meta":{"_et_pb_use_builder":"","_et_pb_old_content":"","_et_gb_content_width":"","footnotes":""},"categories":[271,178],"tags":[],"class_list":["post-20648","post","type-post","status-publish","format-standard","has-post-thumbnail","hentry","category-corporativo-en","category-novedades-en"],"yoast_head":"<!-- This site is optimized with the Yoast SEO plugin v27.5 - https:\/\/yoast.com\/product\/yoast-seo-wordpress\/ -->\n<title>Ana Mart\u00ednez Obradors participa en el II Congreso de Derecho del Turismo - MAIO Legal<\/title>\n<meta name=\"robots\" content=\"index, follow, max-snippet:-1, max-image-preview:large, max-video-preview:-1\" \/>\n<link rel=\"canonical\" href=\"https:\/\/www.maiolegal.com\/en\/ana-martinez-obradors-participa-en-el-ii-congreso-de-derecho-del-turismo\/\" \/>\n<meta property=\"og:locale\" content=\"en_US\" \/>\n<meta property=\"og:type\" content=\"article\" \/>\n<meta property=\"og:title\" content=\"Ana Mart\u00ednez Obradors participa en el II Congreso de Derecho del Turismo - MAIO Legal\" \/>\n<meta property=\"og:description\" content=\"Ana Mart\u00ednez Obradors, socia responsable del Departamento de Arbitraje de MAIO Legal y vocal de la Corte de Arbitraje del Ilustre Colegio de la Abogac\u00eda de Madrid, ha participado como ponente en el II Congreso de Derecho del Turismo, en la mesa redonda titulada \u2018Arbitraje y medios alternativos de soluci\u00f3n de conflictos en el sector [&hellip;]\" \/>\n<meta property=\"og:url\" content=\"https:\/\/www.maiolegal.com\/en\/ana-martinez-obradors-participa-en-el-ii-congreso-de-derecho-del-turismo\/\" \/>\n<meta property=\"og:site_name\" content=\"MAIO Legal\" \/>\n<meta property=\"article:published_time\" content=\"2026-01-26T09:52:08+00:00\" \/>\n<meta property=\"og:image\" content=\"https:\/\/www.maiolegal.com\/wp-content\/uploads\/Imagenes-MAIO.pptx-8.jpg\" \/>\n\t<meta property=\"og:image:width\" content=\"1965\" \/>\n\t<meta property=\"og:image:height\" content=\"1027\" \/>\n\t<meta property=\"og:image:type\" content=\"image\/jpeg\" \/>\n<meta name=\"author\" content=\"Comunicacion\" \/>\n<meta name=\"twitter:card\" content=\"summary_large_image\" \/>\n<meta name=\"twitter:label1\" content=\"Written by\" \/>\n\t<meta name=\"twitter:data1\" content=\"Comunicacion\" \/>\n\t<meta name=\"twitter:label2\" content=\"Est. reading time\" \/>\n\t<meta name=\"twitter:data2\" content=\"1 minute\" \/>\n<script type=\"application\/ld+json\" class=\"yoast-schema-graph\">{\"@context\":\"https:\\\/\\\/schema.org\",\"@graph\":[{\"@type\":\"Article\",\"@id\":\"https:\\\/\\\/www.maiolegal.com\\\/en\\\/ana-martinez-obradors-participa-en-el-ii-congreso-de-derecho-del-turismo\\\/#article\",\"isPartOf\":{\"@id\":\"https:\\\/\\\/www.maiolegal.com\\\/en\\\/ana-martinez-obradors-participa-en-el-ii-congreso-de-derecho-del-turismo\\\/\"},\"author\":{\"name\":\"Comunicacion\",\"@id\":\"https:\\\/\\\/www.maiolegal.com\\\/en\\\/#\\\/schema\\\/person\\\/e60b7ae9b9b3029c0ca3ce99c390f4fb\"},\"headline\":\"Ana Mart\u00ednez Obradors participa en el II Congreso de Derecho del Turismo\",\"datePublished\":\"2026-01-26T09:52:08+00:00\",\"mainEntityOfPage\":{\"@id\":\"https:\\\/\\\/www.maiolegal.com\\\/en\\\/ana-martinez-obradors-participa-en-el-ii-congreso-de-derecho-del-turismo\\\/\"},\"wordCount\":242,\"image\":{\"@id\":\"https:\\\/\\\/www.maiolegal.com\\\/en\\\/ana-martinez-obradors-participa-en-el-ii-congreso-de-derecho-del-turismo\\\/#primaryimage\"},\"thumbnailUrl\":\"https:\\\/\\\/www.maiolegal.com\\\/wp-content\\\/uploads\\\/Imagenes-MAIO.pptx-8-1.jpg\",\"articleSection\":[\"Corporativo\",\"Novedades\"],\"inLanguage\":\"en-US\"},{\"@type\":\"WebPage\",\"@id\":\"https:\\\/\\\/www.maiolegal.com\\\/en\\\/ana-martinez-obradors-participa-en-el-ii-congreso-de-derecho-del-turismo\\\/\",\"url\":\"https:\\\/\\\/www.maiolegal.com\\\/en\\\/ana-martinez-obradors-participa-en-el-ii-congreso-de-derecho-del-turismo\\\/\",\"name\":\"Ana Mart\u00ednez Obradors participa en el II Congreso de Derecho del Turismo - MAIO Legal\",\"isPartOf\":{\"@id\":\"https:\\\/\\\/www.maiolegal.com\\\/en\\\/#website\"},\"primaryImageOfPage\":{\"@id\":\"https:\\\/\\\/www.maiolegal.com\\\/en\\\/ana-martinez-obradors-participa-en-el-ii-congreso-de-derecho-del-turismo\\\/#primaryimage\"},\"image\":{\"@id\":\"https:\\\/\\\/www.maiolegal.com\\\/en\\\/ana-martinez-obradors-participa-en-el-ii-congreso-de-derecho-del-turismo\\\/#primaryimage\"},\"thumbnailUrl\":\"https:\\\/\\\/www.maiolegal.com\\\/wp-content\\\/uploads\\\/Imagenes-MAIO.pptx-8-1.jpg\",\"datePublished\":\"2026-01-26T09:52:08+00:00\",\"author\":{\"@id\":\"https:\\\/\\\/www.maiolegal.com\\\/en\\\/#\\\/schema\\\/person\\\/e60b7ae9b9b3029c0ca3ce99c390f4fb\"},\"breadcrumb\":{\"@id\":\"https:\\\/\\\/www.maiolegal.com\\\/en\\\/ana-martinez-obradors-participa-en-el-ii-congreso-de-derecho-del-turismo\\\/#breadcrumb\"},\"inLanguage\":\"en-US\",\"potentialAction\":[{\"@type\":\"ReadAction\",\"target\":[\"https:\\\/\\\/www.maiolegal.com\\\/en\\\/ana-martinez-obradors-participa-en-el-ii-congreso-de-derecho-del-turismo\\\/\"]}]},{\"@type\":\"ImageObject\",\"inLanguage\":\"en-US\",\"@id\":\"https:\\\/\\\/www.maiolegal.com\\\/en\\\/ana-martinez-obradors-participa-en-el-ii-congreso-de-derecho-del-turismo\\\/#primaryimage\",\"url\":\"https:\\\/\\\/www.maiolegal.com\\\/wp-content\\\/uploads\\\/Imagenes-MAIO.pptx-8-1.jpg\",\"contentUrl\":\"https:\\\/\\\/www.maiolegal.com\\\/wp-content\\\/uploads\\\/Imagenes-MAIO.pptx-8-1.jpg\",\"width\":1965,\"height\":1027},{\"@type\":\"BreadcrumbList\",\"@id\":\"https:\\\/\\\/www.maiolegal.com\\\/en\\\/ana-martinez-obradors-participa-en-el-ii-congreso-de-derecho-del-turismo\\\/#breadcrumb\",\"itemListElement\":[{\"@type\":\"ListItem\",\"position\":1,\"name\":\"Home\",\"item\":\"https:\\\/\\\/www.maiolegal.com\\\/en\\\/\"},{\"@type\":\"ListItem\",\"position\":2,\"name\":\"Ana Mart\u00ednez Obradors participa en el II Congreso de Derecho del Turismo\"}]},{\"@type\":\"WebSite\",\"@id\":\"https:\\\/\\\/www.maiolegal.com\\\/en\\\/#website\",\"url\":\"https:\\\/\\\/www.maiolegal.com\\\/en\\\/\",\"name\":\"MAIO Legal\",\"description\":\"Asesoramiento legal y tributario\",\"potentialAction\":[{\"@type\":\"SearchAction\",\"target\":{\"@type\":\"EntryPoint\",\"urlTemplate\":\"https:\\\/\\\/www.maiolegal.com\\\/en\\\/?s={search_term_string}\"},\"query-input\":{\"@type\":\"PropertyValueSpecification\",\"valueRequired\":true,\"valueName\":\"search_term_string\"}}],\"inLanguage\":\"en-US\"},{\"@type\":\"Person\",\"@id\":\"https:\\\/\\\/www.maiolegal.com\\\/en\\\/#\\\/schema\\\/person\\\/e60b7ae9b9b3029c0ca3ce99c390f4fb\",\"name\":\"Comunicacion\",\"image\":{\"@type\":\"ImageObject\",\"inLanguage\":\"en-US\",\"@id\":\"https:\\\/\\\/secure.gravatar.com\\\/avatar\\\/bd5f579912da7ac53eda2c3e8c4c1ce3d838d36b9177584a1a35ed5840598f28?s=96&d=mm&r=g\",\"url\":\"https:\\\/\\\/secure.gravatar.com\\\/avatar\\\/bd5f579912da7ac53eda2c3e8c4c1ce3d838d36b9177584a1a35ed5840598f28?s=96&d=mm&r=g\",\"contentUrl\":\"https:\\\/\\\/secure.gravatar.com\\\/avatar\\\/bd5f579912da7ac53eda2c3e8c4c1ce3d838d36b9177584a1a35ed5840598f28?s=96&d=mm&r=g\",\"caption\":\"Comunicacion\"},\"url\":\"https:\\\/\\\/www.maiolegal.com\\\/en\\\/author\\\/comunicacion\\\/\"}]}<\/script>\n<!-- \/ Yoast SEO plugin. -->","yoast_head_json":{"title":"Ana Mart\u00ednez Obradors participa en el II Congreso de Derecho del Turismo - MAIO Legal","robots":{"index":"index","follow":"follow","max-snippet":"max-snippet:-1","max-image-preview":"max-image-preview:large","max-video-preview":"max-video-preview:-1"},"canonical":"https:\/\/www.maiolegal.com\/en\/ana-martinez-obradors-participa-en-el-ii-congreso-de-derecho-del-turismo\/","og_locale":"en_US","og_type":"article","og_title":"Ana Mart\u00ednez Obradors participa en el II Congreso de Derecho del Turismo - MAIO Legal","og_description":"Ana Mart\u00ednez Obradors, socia responsable del Departamento de Arbitraje de MAIO Legal y vocal de la Corte de Arbitraje del Ilustre Colegio de la Abogac\u00eda de Madrid, ha participado como ponente en el II Congreso de Derecho del Turismo, en la mesa redonda titulada \u2018Arbitraje y medios alternativos de soluci\u00f3n de conflictos en el sector [&hellip;]","og_url":"https:\/\/www.maiolegal.com\/en\/ana-martinez-obradors-participa-en-el-ii-congreso-de-derecho-del-turismo\/","og_site_name":"MAIO Legal","article_published_time":"2026-01-26T09:52:08+00:00","og_image":[{"width":1965,"height":1027,"url":"https:\/\/www.maiolegal.com\/wp-content\/uploads\/Imagenes-MAIO.pptx-8.jpg","type":"image\/jpeg"}],"author":"Comunicacion","twitter_card":"summary_large_image","twitter_misc":{"Written by":"Comunicacion","Est. reading time":"1 minute"},"schema":{"@context":"https:\/\/schema.org","@graph":[{"@type":"Article","@id":"https:\/\/www.maiolegal.com\/en\/ana-martinez-obradors-participa-en-el-ii-congreso-de-derecho-del-turismo\/#article","isPartOf":{"@id":"https:\/\/www.maiolegal.com\/en\/ana-martinez-obradors-participa-en-el-ii-congreso-de-derecho-del-turismo\/"},"author":{"name":"Comunicacion","@id":"https:\/\/www.maiolegal.com\/en\/#\/schema\/person\/e60b7ae9b9b3029c0ca3ce99c390f4fb"},"headline":"Ana Mart\u00ednez Obradors participa en el II Congreso de Derecho del Turismo","datePublished":"2026-01-26T09:52:08+00:00","mainEntityOfPage":{"@id":"https:\/\/www.maiolegal.com\/en\/ana-martinez-obradors-participa-en-el-ii-congreso-de-derecho-del-turismo\/"},"wordCount":242,"image":{"@id":"https:\/\/www.maiolegal.com\/en\/ana-martinez-obradors-participa-en-el-ii-congreso-de-derecho-del-turismo\/#primaryimage"},"thumbnailUrl":"https:\/\/www.maiolegal.com\/wp-content\/uploads\/Imagenes-MAIO.pptx-8-1.jpg","articleSection":["Corporativo","Novedades"],"inLanguage":"en-US"},{"@type":"WebPage","@id":"https:\/\/www.maiolegal.com\/en\/ana-martinez-obradors-participa-en-el-ii-congreso-de-derecho-del-turismo\/","url":"https:\/\/www.maiolegal.com\/en\/ana-martinez-obradors-participa-en-el-ii-congreso-de-derecho-del-turismo\/","name":"Ana Mart\u00ednez Obradors participa en el II Congreso de Derecho del Turismo - MAIO Legal","isPartOf":{"@id":"https:\/\/www.maiolegal.com\/en\/#website"},"primaryImageOfPage":{"@id":"https:\/\/www.maiolegal.com\/en\/ana-martinez-obradors-participa-en-el-ii-congreso-de-derecho-del-turismo\/#primaryimage"},"image":{"@id":"https:\/\/www.maiolegal.com\/en\/ana-martinez-obradors-participa-en-el-ii-congreso-de-derecho-del-turismo\/#primaryimage"},"thumbnailUrl":"https:\/\/www.maiolegal.com\/wp-content\/uploads\/Imagenes-MAIO.pptx-8-1.jpg","datePublished":"2026-01-26T09:52:08+00:00","author":{"@id":"https:\/\/www.maiolegal.com\/en\/#\/schema\/person\/e60b7ae9b9b3029c0ca3ce99c390f4fb"},"breadcrumb":{"@id":"https:\/\/www.maiolegal.com\/en\/ana-martinez-obradors-participa-en-el-ii-congreso-de-derecho-del-turismo\/#breadcrumb"},"inLanguage":"en-US","potentialAction":[{"@type":"ReadAction","target":["https:\/\/www.maiolegal.com\/en\/ana-martinez-obradors-participa-en-el-ii-congreso-de-derecho-del-turismo\/"]}]},{"@type":"ImageObject","inLanguage":"en-US","@id":"https:\/\/www.maiolegal.com\/en\/ana-martinez-obradors-participa-en-el-ii-congreso-de-derecho-del-turismo\/#primaryimage","url":"https:\/\/www.maiolegal.com\/wp-content\/uploads\/Imagenes-MAIO.pptx-8-1.jpg","contentUrl":"https:\/\/www.maiolegal.com\/wp-content\/uploads\/Imagenes-MAIO.pptx-8-1.jpg","width":1965,"height":1027},{"@type":"BreadcrumbList","@id":"https:\/\/www.maiolegal.com\/en\/ana-martinez-obradors-participa-en-el-ii-congreso-de-derecho-del-turismo\/#breadcrumb","itemListElement":[{"@type":"ListItem","position":1,"name":"Home","item":"https:\/\/www.maiolegal.com\/en\/"},{"@type":"ListItem","position":2,"name":"Ana Mart\u00ednez Obradors participa en el II Congreso de Derecho del Turismo"}]},{"@type":"WebSite","@id":"https:\/\/www.maiolegal.com\/en\/#website","url":"https:\/\/www.maiolegal.com\/en\/","name":"MAIO Legal","description":"Asesoramiento legal y tributario","potentialAction":[{"@type":"SearchAction","target":{"@type":"EntryPoint","urlTemplate":"https:\/\/www.maiolegal.com\/en\/?s={search_term_string}"},"query-input":{"@type":"PropertyValueSpecification","valueRequired":true,"valueName":"search_term_string"}}],"inLanguage":"en-US"},{"@type":"Person","@id":"https:\/\/www.maiolegal.com\/en\/#\/schema\/person\/e60b7ae9b9b3029c0ca3ce99c390f4fb","name":"Comunicacion","image":{"@type":"ImageObject","inLanguage":"en-US","@id":"https:\/\/secure.gravatar.com\/avatar\/bd5f579912da7ac53eda2c3e8c4c1ce3d838d36b9177584a1a35ed5840598f28?s=96&d=mm&r=g","url":"https:\/\/secure.gravatar.com\/avatar\/bd5f579912da7ac53eda2c3e8c4c1ce3d838d36b9177584a1a35ed5840598f28?s=96&d=mm&r=g","contentUrl":"https:\/\/secure.gravatar.com\/avatar\/bd5f579912da7ac53eda2c3e8c4c1ce3d838d36b9177584a1a35ed5840598f28?s=96&d=mm&r=g","caption":"Comunicacion"},"url":"https:\/\/www.maiolegal.com\/en\/author\/comunicacion\/"}]}},"_links":{"self":[{"href":"https:\/\/www.maiolegal.com\/en\/wp-json\/wp\/v2\/posts\/20648","targetHints":{"allow":["GET"]}}],"collection":[{"href":"https:\/\/www.maiolegal.com\/en\/wp-json\/wp\/v2\/posts"}],"about":[{"href":"https:\/\/www.maiolegal.com\/en\/wp-json\/wp\/v2\/types\/post"}],"author":[{"embeddable":true,"href":"https:\/\/www.maiolegal.com\/en\/wp-json\/wp\/v2\/users\/9"}],"replies":[{"embeddable":true,"href":"https:\/\/www.maiolegal.com\/en\/wp-json\/wp\/v2\/comments?post=20648"}],"version-history":[{"count":0,"href":"https:\/\/www.maiolegal.com\/en\/wp-json\/wp\/v2\/posts\/20648\/revisions"}],"wp:featuredmedia":[{"embeddable":true,"href":"https:\/\/www.maiolegal.com\/en\/wp-json\/wp\/v2\/media\/20646"}],"wp:attachment":[{"href":"https:\/\/www.maiolegal.com\/en\/wp-json\/wp\/v2\/media?parent=20648"}],"wp:term":[{"taxonomy":"category","embeddable":true,"href":"https:\/\/www.maiolegal.com\/en\/wp-json\/wp\/v2\/categories?post=20648"},{"taxonomy":"post_tag","embeddable":true,"href":"https:\/\/www.maiolegal.com\/en\/wp-json\/wp\/v2\/tags?post=20648"}],"curies":[{"name":"wp","href":"https:\/\/api.w.org\/{rel}","templated":true}]}}