{"id":16483,"date":"2022-10-19T19:10:00","date_gmt":"2022-10-19T17:10:00","guid":{"rendered":"https:\/\/www.maiolegal.com\/javier-g-taboada-habla-en-onda-cero-sobre-la-no-deducibilidad-fiscal-de-la-retribucion-de-los-administradores-sociales\/"},"modified":"2022-10-19T19:22:48","modified_gmt":"2022-10-19T17:22:48","slug":"javier-g-taboada-habla-en-onda-cero-sobre-la-no-deducibilidad-fiscal-de-la-retribucion-de-los-administradores-sociales","status":"publish","type":"post","link":"https:\/\/www.maiolegal.com\/pt-pt\/javier-g-taboada-habla-en-onda-cero-sobre-la-no-deducibilidad-fiscal-de-la-retribucion-de-los-administradores-sociales\/","title":{"rendered":"Javier G. Taboada habla en Onda Cero sobre la no deducibilidad fiscal de la retribuci\u00f3n de los administradores sociales"},"content":{"rendered":"<p><img loading=\"lazy\" decoding=\"async\" class=\"aligncenter size-full wp-image-16476\" src=\"https:\/\/www.maiolegal.com\/wp-content\/uploads\/Taboada-en-Onda-Cero.png\" alt=\"\" width=\"1910\" height=\"1000\" srcset=\"https:\/\/www.maiolegal.com\/wp-content\/uploads\/Taboada-en-Onda-Cero.png 1910w, https:\/\/www.maiolegal.com\/wp-content\/uploads\/Taboada-en-Onda-Cero-1280x670.png 1280w, https:\/\/www.maiolegal.com\/wp-content\/uploads\/Taboada-en-Onda-Cero-980x513.png 980w, https:\/\/www.maiolegal.com\/wp-content\/uploads\/Taboada-en-Onda-Cero-480x251.png 480w\" sizes=\"(min-width: 0px) and (max-width: 480px) 480px, (min-width: 481px) and (max-width: 980px) 980px, (min-width: 981px) and (max-width: 1280px) 1280px, (min-width: 1281px) 1910px, 100vw\" \/><\/p>\n<p><a href=\"https:\/\/www.maiolegal.com\/en\/team\/professional\/javier-gomez-taboada\/\">Javier G\u00f3mez Taboada<\/a> expone en Onda Cero la controversia fiscal de las retribuciones a los administradores en los casos en los que se mezclan su condici\u00f3n de administrador con el de trabajador, en relaci\u00f3n al caso Mahou.<\/p>\n<p>Javier analiza el contexto de la situaci\u00f3n, sobre las novedades de las recientes sentencias del Tribunal Supremo, las del 6 de julio de 2022 (rec. n\u00fam. 6278\/2020) y la de 11 de julio de 2022 (rec. n\u00fam. 7626\/2020), donde se han resuelto sendos recursos de casaci\u00f3n en los que se analizaba si una entidad puede deducir como gasto, en su impuesto de sociedades, las cantidades abonadas a su socio mayoritario, no administrador, en concepto de sueldo o retribuci\u00f3n por trabajos efectivamente realizados para dicha entidad.<\/p>\n<p><iframe loading=\"lazy\" src=\"https:\/\/www.ondacero.es\/embed\/espacio-legal-maio-legal-11102022\/audio\/2\/2022\/10\/11\/63455d66b1a5b0e4db9d7612\" width=\"560\" height=\"315\" frameborder=\"0\" allowfullscreen=\"allowfullscreen\"><\/iframe><\/p>\n","protected":false},"excerpt":{"rendered":"<p>Javier G\u00f3mez Taboada expone en Onda Cero la controversia fiscal de las retribuciones a los administradores en los casos en los que se mezclan su condici\u00f3n de administrador con el de trabajador, en relaci\u00f3n al caso Mahou. Javier analiza el contexto de la situaci\u00f3n, sobre las novedades de las recientes sentencias del Tribunal Supremo, las [&hellip;]<\/p>\n","protected":false},"author":4,"featured_media":16478,"comment_status":"closed","ping_status":"closed","sticky":false,"template":"","format":"standard","meta":{"_et_pb_use_builder":"","_et_pb_old_content":"","_et_gb_content_width":"","footnotes":""},"categories":[204,205],"tags":[],"class_list":["post-16483","post","type-post","status-publish","format-standard","has-post-thumbnail","hentry","category-novedades-pt-pt","category-prensa-pt-pt"],"yoast_head":"<!-- This site is optimized with the Yoast SEO plugin v27.4 - https:\/\/yoast.com\/product\/yoast-seo-wordpress\/ -->\n<title>Javier G. Taboada habla en Onda Cero sobre la no deducibilidad fiscal de la retribuci\u00f3n de los administradores sociales - MAIO Legal<\/title>\n<meta name=\"robots\" content=\"index, follow, max-snippet:-1, max-image-preview:large, max-video-preview:-1\" \/>\n<link rel=\"canonical\" href=\"https:\/\/www.maiolegal.com\/pt-pt\/javier-g-taboada-habla-en-onda-cero-sobre-la-no-deducibilidad-fiscal-de-la-retribucion-de-los-administradores-sociales\/\" \/>\n<meta property=\"og:locale\" content=\"pt_PT\" \/>\n<meta property=\"og:type\" content=\"article\" \/>\n<meta property=\"og:title\" content=\"Javier G. Taboada habla en Onda Cero sobre la no deducibilidad fiscal de la retribuci\u00f3n de los administradores sociales - MAIO Legal\" \/>\n<meta property=\"og:description\" content=\"Javier G\u00f3mez Taboada expone en Onda Cero la controversia fiscal de las retribuciones a los administradores en los casos en los que se mezclan su condici\u00f3n de administrador con el de trabajador, en relaci\u00f3n al caso Mahou. Javier analiza el contexto de la situaci\u00f3n, sobre las novedades de las recientes sentencias del Tribunal Supremo, las [&hellip;]\" \/>\n<meta property=\"og:url\" content=\"https:\/\/www.maiolegal.com\/pt-pt\/javier-g-taboada-habla-en-onda-cero-sobre-la-no-deducibilidad-fiscal-de-la-retribucion-de-los-administradores-sociales\/\" \/>\n<meta property=\"og:site_name\" content=\"MAIO Legal\" \/>\n<meta property=\"article:published_time\" content=\"2022-10-19T17:10:00+00:00\" \/>\n<meta property=\"article:modified_time\" content=\"2022-10-19T17:22:48+00:00\" \/>\n<meta property=\"og:image\" content=\"https:\/\/www.maiolegal.com\/wp-content\/uploads\/Taboada-en-Onda-Cero-1024x536.png\" \/>\n\t<meta property=\"og:image:width\" content=\"1024\" \/>\n\t<meta property=\"og:image:height\" content=\"536\" \/>\n\t<meta property=\"og:image:type\" content=\"image\/png\" \/>\n<meta name=\"author\" content=\"maiolegal\" \/>\n<meta name=\"twitter:card\" content=\"summary_large_image\" \/>\n<meta name=\"twitter:label1\" content=\"Escrito por\" \/>\n\t<meta name=\"twitter:data1\" content=\"maiolegal\" \/>\n\t<meta name=\"twitter:label2\" content=\"Tempo estimado de leitura\" \/>\n\t<meta name=\"twitter:data2\" content=\"1 minuto\" \/>\n<script type=\"application\/ld+json\" class=\"yoast-schema-graph\">{\"@context\":\"https:\\\/\\\/schema.org\",\"@graph\":[{\"@type\":\"Article\",\"@id\":\"https:\\\/\\\/www.maiolegal.com\\\/pt-pt\\\/javier-g-taboada-habla-en-onda-cero-sobre-la-no-deducibilidad-fiscal-de-la-retribucion-de-los-administradores-sociales\\\/#article\",\"isPartOf\":{\"@id\":\"https:\\\/\\\/www.maiolegal.com\\\/pt-pt\\\/javier-g-taboada-habla-en-onda-cero-sobre-la-no-deducibilidad-fiscal-de-la-retribucion-de-los-administradores-sociales\\\/\"},\"author\":{\"name\":\"maiolegal\",\"@id\":\"https:\\\/\\\/www.maiolegal.com\\\/pt-pt\\\/#\\\/schema\\\/person\\\/164f66cf5964d8094bfed77cf91abcaf\"},\"headline\":\"Javier G. Taboada habla en Onda Cero sobre la no deducibilidad fiscal de la retribuci\u00f3n de los administradores sociales\",\"datePublished\":\"2022-10-19T17:10:00+00:00\",\"dateModified\":\"2022-10-19T17:22:48+00:00\",\"mainEntityOfPage\":{\"@id\":\"https:\\\/\\\/www.maiolegal.com\\\/pt-pt\\\/javier-g-taboada-habla-en-onda-cero-sobre-la-no-deducibilidad-fiscal-de-la-retribucion-de-los-administradores-sociales\\\/\"},\"wordCount\":144,\"image\":{\"@id\":\"https:\\\/\\\/www.maiolegal.com\\\/pt-pt\\\/javier-g-taboada-habla-en-onda-cero-sobre-la-no-deducibilidad-fiscal-de-la-retribucion-de-los-administradores-sociales\\\/#primaryimage\"},\"thumbnailUrl\":\"https:\\\/\\\/www.maiolegal.com\\\/wp-content\\\/uploads\\\/Taboada-en-Onda-Cero.png\",\"articleSection\":[\"Novedades\",\"Prensa\"],\"inLanguage\":\"pt-PT\"},{\"@type\":\"WebPage\",\"@id\":\"https:\\\/\\\/www.maiolegal.com\\\/pt-pt\\\/javier-g-taboada-habla-en-onda-cero-sobre-la-no-deducibilidad-fiscal-de-la-retribucion-de-los-administradores-sociales\\\/\",\"url\":\"https:\\\/\\\/www.maiolegal.com\\\/pt-pt\\\/javier-g-taboada-habla-en-onda-cero-sobre-la-no-deducibilidad-fiscal-de-la-retribucion-de-los-administradores-sociales\\\/\",\"name\":\"Javier G. Taboada habla en Onda Cero sobre la no deducibilidad fiscal de la retribuci\u00f3n de los administradores sociales - MAIO Legal\",\"isPartOf\":{\"@id\":\"https:\\\/\\\/www.maiolegal.com\\\/pt-pt\\\/#website\"},\"primaryImageOfPage\":{\"@id\":\"https:\\\/\\\/www.maiolegal.com\\\/pt-pt\\\/javier-g-taboada-habla-en-onda-cero-sobre-la-no-deducibilidad-fiscal-de-la-retribucion-de-los-administradores-sociales\\\/#primaryimage\"},\"image\":{\"@id\":\"https:\\\/\\\/www.maiolegal.com\\\/pt-pt\\\/javier-g-taboada-habla-en-onda-cero-sobre-la-no-deducibilidad-fiscal-de-la-retribucion-de-los-administradores-sociales\\\/#primaryimage\"},\"thumbnailUrl\":\"https:\\\/\\\/www.maiolegal.com\\\/wp-content\\\/uploads\\\/Taboada-en-Onda-Cero.png\",\"datePublished\":\"2022-10-19T17:10:00+00:00\",\"dateModified\":\"2022-10-19T17:22:48+00:00\",\"author\":{\"@id\":\"https:\\\/\\\/www.maiolegal.com\\\/pt-pt\\\/#\\\/schema\\\/person\\\/164f66cf5964d8094bfed77cf91abcaf\"},\"breadcrumb\":{\"@id\":\"https:\\\/\\\/www.maiolegal.com\\\/pt-pt\\\/javier-g-taboada-habla-en-onda-cero-sobre-la-no-deducibilidad-fiscal-de-la-retribucion-de-los-administradores-sociales\\\/#breadcrumb\"},\"inLanguage\":\"pt-PT\",\"potentialAction\":[{\"@type\":\"ReadAction\",\"target\":[\"https:\\\/\\\/www.maiolegal.com\\\/pt-pt\\\/javier-g-taboada-habla-en-onda-cero-sobre-la-no-deducibilidad-fiscal-de-la-retribucion-de-los-administradores-sociales\\\/\"]}]},{\"@type\":\"ImageObject\",\"inLanguage\":\"pt-PT\",\"@id\":\"https:\\\/\\\/www.maiolegal.com\\\/pt-pt\\\/javier-g-taboada-habla-en-onda-cero-sobre-la-no-deducibilidad-fiscal-de-la-retribucion-de-los-administradores-sociales\\\/#primaryimage\",\"url\":\"https:\\\/\\\/www.maiolegal.com\\\/wp-content\\\/uploads\\\/Taboada-en-Onda-Cero.png\",\"contentUrl\":\"https:\\\/\\\/www.maiolegal.com\\\/wp-content\\\/uploads\\\/Taboada-en-Onda-Cero.png\",\"width\":1910,\"height\":1000},{\"@type\":\"BreadcrumbList\",\"@id\":\"https:\\\/\\\/www.maiolegal.com\\\/pt-pt\\\/javier-g-taboada-habla-en-onda-cero-sobre-la-no-deducibilidad-fiscal-de-la-retribucion-de-los-administradores-sociales\\\/#breadcrumb\",\"itemListElement\":[{\"@type\":\"ListItem\",\"position\":1,\"name\":\"Home\",\"item\":\"https:\\\/\\\/www.maiolegal.com\\\/pt-pt\\\/\"},{\"@type\":\"ListItem\",\"position\":2,\"name\":\"Javier G. Taboada habla en Onda Cero sobre la no deducibilidad fiscal de la retribuci\u00f3n de los administradores sociales\"}]},{\"@type\":\"WebSite\",\"@id\":\"https:\\\/\\\/www.maiolegal.com\\\/pt-pt\\\/#website\",\"url\":\"https:\\\/\\\/www.maiolegal.com\\\/pt-pt\\\/\",\"name\":\"MAIO Legal\",\"description\":\"Asesoramiento legal y tributario\",\"potentialAction\":[{\"@type\":\"SearchAction\",\"target\":{\"@type\":\"EntryPoint\",\"urlTemplate\":\"https:\\\/\\\/www.maiolegal.com\\\/pt-pt\\\/?s={search_term_string}\"},\"query-input\":{\"@type\":\"PropertyValueSpecification\",\"valueRequired\":true,\"valueName\":\"search_term_string\"}}],\"inLanguage\":\"pt-PT\"},{\"@type\":\"Person\",\"@id\":\"https:\\\/\\\/www.maiolegal.com\\\/pt-pt\\\/#\\\/schema\\\/person\\\/164f66cf5964d8094bfed77cf91abcaf\",\"name\":\"maiolegal\",\"image\":{\"@type\":\"ImageObject\",\"inLanguage\":\"pt-PT\",\"@id\":\"https:\\\/\\\/secure.gravatar.com\\\/avatar\\\/bc55e3c6304684e0cc8123f235e967ea32b210076c987c0fa3ff4ca3abe88355?s=96&d=mm&r=g\",\"url\":\"https:\\\/\\\/secure.gravatar.com\\\/avatar\\\/bc55e3c6304684e0cc8123f235e967ea32b210076c987c0fa3ff4ca3abe88355?s=96&d=mm&r=g\",\"contentUrl\":\"https:\\\/\\\/secure.gravatar.com\\\/avatar\\\/bc55e3c6304684e0cc8123f235e967ea32b210076c987c0fa3ff4ca3abe88355?s=96&d=mm&r=g\",\"caption\":\"maiolegal\"},\"url\":\"https:\\\/\\\/www.maiolegal.com\\\/pt-pt\\\/author\\\/maiolegal\\\/\"}]}<\/script>\n<!-- \/ Yoast SEO plugin. -->","yoast_head_json":{"title":"Javier G. Taboada habla en Onda Cero sobre la no deducibilidad fiscal de la retribuci\u00f3n de los administradores sociales - MAIO Legal","robots":{"index":"index","follow":"follow","max-snippet":"max-snippet:-1","max-image-preview":"max-image-preview:large","max-video-preview":"max-video-preview:-1"},"canonical":"https:\/\/www.maiolegal.com\/pt-pt\/javier-g-taboada-habla-en-onda-cero-sobre-la-no-deducibilidad-fiscal-de-la-retribucion-de-los-administradores-sociales\/","og_locale":"pt_PT","og_type":"article","og_title":"Javier G. Taboada habla en Onda Cero sobre la no deducibilidad fiscal de la retribuci\u00f3n de los administradores sociales - MAIO Legal","og_description":"Javier G\u00f3mez Taboada expone en Onda Cero la controversia fiscal de las retribuciones a los administradores en los casos en los que se mezclan su condici\u00f3n de administrador con el de trabajador, en relaci\u00f3n al caso Mahou. Javier analiza el contexto de la situaci\u00f3n, sobre las novedades de las recientes sentencias del Tribunal Supremo, las [&hellip;]","og_url":"https:\/\/www.maiolegal.com\/pt-pt\/javier-g-taboada-habla-en-onda-cero-sobre-la-no-deducibilidad-fiscal-de-la-retribucion-de-los-administradores-sociales\/","og_site_name":"MAIO Legal","article_published_time":"2022-10-19T17:10:00+00:00","article_modified_time":"2022-10-19T17:22:48+00:00","og_image":[{"width":1024,"height":536,"url":"https:\/\/www.maiolegal.com\/wp-content\/uploads\/Taboada-en-Onda-Cero-1024x536.png","type":"image\/png"}],"author":"maiolegal","twitter_card":"summary_large_image","twitter_misc":{"Escrito por":"maiolegal","Tempo estimado de leitura":"1 minuto"},"schema":{"@context":"https:\/\/schema.org","@graph":[{"@type":"Article","@id":"https:\/\/www.maiolegal.com\/pt-pt\/javier-g-taboada-habla-en-onda-cero-sobre-la-no-deducibilidad-fiscal-de-la-retribucion-de-los-administradores-sociales\/#article","isPartOf":{"@id":"https:\/\/www.maiolegal.com\/pt-pt\/javier-g-taboada-habla-en-onda-cero-sobre-la-no-deducibilidad-fiscal-de-la-retribucion-de-los-administradores-sociales\/"},"author":{"name":"maiolegal","@id":"https:\/\/www.maiolegal.com\/pt-pt\/#\/schema\/person\/164f66cf5964d8094bfed77cf91abcaf"},"headline":"Javier G. Taboada habla en Onda Cero sobre la no deducibilidad fiscal de la retribuci\u00f3n de los administradores sociales","datePublished":"2022-10-19T17:10:00+00:00","dateModified":"2022-10-19T17:22:48+00:00","mainEntityOfPage":{"@id":"https:\/\/www.maiolegal.com\/pt-pt\/javier-g-taboada-habla-en-onda-cero-sobre-la-no-deducibilidad-fiscal-de-la-retribucion-de-los-administradores-sociales\/"},"wordCount":144,"image":{"@id":"https:\/\/www.maiolegal.com\/pt-pt\/javier-g-taboada-habla-en-onda-cero-sobre-la-no-deducibilidad-fiscal-de-la-retribucion-de-los-administradores-sociales\/#primaryimage"},"thumbnailUrl":"https:\/\/www.maiolegal.com\/wp-content\/uploads\/Taboada-en-Onda-Cero.png","articleSection":["Novedades","Prensa"],"inLanguage":"pt-PT"},{"@type":"WebPage","@id":"https:\/\/www.maiolegal.com\/pt-pt\/javier-g-taboada-habla-en-onda-cero-sobre-la-no-deducibilidad-fiscal-de-la-retribucion-de-los-administradores-sociales\/","url":"https:\/\/www.maiolegal.com\/pt-pt\/javier-g-taboada-habla-en-onda-cero-sobre-la-no-deducibilidad-fiscal-de-la-retribucion-de-los-administradores-sociales\/","name":"Javier G. Taboada habla en Onda Cero sobre la no deducibilidad fiscal de la retribuci\u00f3n de los administradores sociales - MAIO Legal","isPartOf":{"@id":"https:\/\/www.maiolegal.com\/pt-pt\/#website"},"primaryImageOfPage":{"@id":"https:\/\/www.maiolegal.com\/pt-pt\/javier-g-taboada-habla-en-onda-cero-sobre-la-no-deducibilidad-fiscal-de-la-retribucion-de-los-administradores-sociales\/#primaryimage"},"image":{"@id":"https:\/\/www.maiolegal.com\/pt-pt\/javier-g-taboada-habla-en-onda-cero-sobre-la-no-deducibilidad-fiscal-de-la-retribucion-de-los-administradores-sociales\/#primaryimage"},"thumbnailUrl":"https:\/\/www.maiolegal.com\/wp-content\/uploads\/Taboada-en-Onda-Cero.png","datePublished":"2022-10-19T17:10:00+00:00","dateModified":"2022-10-19T17:22:48+00:00","author":{"@id":"https:\/\/www.maiolegal.com\/pt-pt\/#\/schema\/person\/164f66cf5964d8094bfed77cf91abcaf"},"breadcrumb":{"@id":"https:\/\/www.maiolegal.com\/pt-pt\/javier-g-taboada-habla-en-onda-cero-sobre-la-no-deducibilidad-fiscal-de-la-retribucion-de-los-administradores-sociales\/#breadcrumb"},"inLanguage":"pt-PT","potentialAction":[{"@type":"ReadAction","target":["https:\/\/www.maiolegal.com\/pt-pt\/javier-g-taboada-habla-en-onda-cero-sobre-la-no-deducibilidad-fiscal-de-la-retribucion-de-los-administradores-sociales\/"]}]},{"@type":"ImageObject","inLanguage":"pt-PT","@id":"https:\/\/www.maiolegal.com\/pt-pt\/javier-g-taboada-habla-en-onda-cero-sobre-la-no-deducibilidad-fiscal-de-la-retribucion-de-los-administradores-sociales\/#primaryimage","url":"https:\/\/www.maiolegal.com\/wp-content\/uploads\/Taboada-en-Onda-Cero.png","contentUrl":"https:\/\/www.maiolegal.com\/wp-content\/uploads\/Taboada-en-Onda-Cero.png","width":1910,"height":1000},{"@type":"BreadcrumbList","@id":"https:\/\/www.maiolegal.com\/pt-pt\/javier-g-taboada-habla-en-onda-cero-sobre-la-no-deducibilidad-fiscal-de-la-retribucion-de-los-administradores-sociales\/#breadcrumb","itemListElement":[{"@type":"ListItem","position":1,"name":"Home","item":"https:\/\/www.maiolegal.com\/pt-pt\/"},{"@type":"ListItem","position":2,"name":"Javier G. Taboada habla en Onda Cero sobre la no deducibilidad fiscal de la retribuci\u00f3n de los administradores sociales"}]},{"@type":"WebSite","@id":"https:\/\/www.maiolegal.com\/pt-pt\/#website","url":"https:\/\/www.maiolegal.com\/pt-pt\/","name":"MAIO Legal","description":"Asesoramiento legal y tributario","potentialAction":[{"@type":"SearchAction","target":{"@type":"EntryPoint","urlTemplate":"https:\/\/www.maiolegal.com\/pt-pt\/?s={search_term_string}"},"query-input":{"@type":"PropertyValueSpecification","valueRequired":true,"valueName":"search_term_string"}}],"inLanguage":"pt-PT"},{"@type":"Person","@id":"https:\/\/www.maiolegal.com\/pt-pt\/#\/schema\/person\/164f66cf5964d8094bfed77cf91abcaf","name":"maiolegal","image":{"@type":"ImageObject","inLanguage":"pt-PT","@id":"https:\/\/secure.gravatar.com\/avatar\/bc55e3c6304684e0cc8123f235e967ea32b210076c987c0fa3ff4ca3abe88355?s=96&d=mm&r=g","url":"https:\/\/secure.gravatar.com\/avatar\/bc55e3c6304684e0cc8123f235e967ea32b210076c987c0fa3ff4ca3abe88355?s=96&d=mm&r=g","contentUrl":"https:\/\/secure.gravatar.com\/avatar\/bc55e3c6304684e0cc8123f235e967ea32b210076c987c0fa3ff4ca3abe88355?s=96&d=mm&r=g","caption":"maiolegal"},"url":"https:\/\/www.maiolegal.com\/pt-pt\/author\/maiolegal\/"}]}},"_links":{"self":[{"href":"https:\/\/www.maiolegal.com\/pt-pt\/wp-json\/wp\/v2\/posts\/16483","targetHints":{"allow":["GET"]}}],"collection":[{"href":"https:\/\/www.maiolegal.com\/pt-pt\/wp-json\/wp\/v2\/posts"}],"about":[{"href":"https:\/\/www.maiolegal.com\/pt-pt\/wp-json\/wp\/v2\/types\/post"}],"author":[{"embeddable":true,"href":"https:\/\/www.maiolegal.com\/pt-pt\/wp-json\/wp\/v2\/users\/4"}],"replies":[{"embeddable":true,"href":"https:\/\/www.maiolegal.com\/pt-pt\/wp-json\/wp\/v2\/comments?post=16483"}],"version-history":[{"count":1,"href":"https:\/\/www.maiolegal.com\/pt-pt\/wp-json\/wp\/v2\/posts\/16483\/revisions"}],"predecessor-version":[{"id":16485,"href":"https:\/\/www.maiolegal.com\/pt-pt\/wp-json\/wp\/v2\/posts\/16483\/revisions\/16485"}],"wp:featuredmedia":[{"embeddable":true,"href":"https:\/\/www.maiolegal.com\/pt-pt\/wp-json\/wp\/v2\/media\/16478"}],"wp:attachment":[{"href":"https:\/\/www.maiolegal.com\/pt-pt\/wp-json\/wp\/v2\/media?parent=16483"}],"wp:term":[{"taxonomy":"category","embeddable":true,"href":"https:\/\/www.maiolegal.com\/pt-pt\/wp-json\/wp\/v2\/categories?post=16483"},{"taxonomy":"post_tag","embeddable":true,"href":"https:\/\/www.maiolegal.com\/pt-pt\/wp-json\/wp\/v2\/tags?post=16483"}],"curies":[{"name":"wp","href":"https:\/\/api.w.org\/{rel}","templated":true}]}}