{"id":17655,"date":"2023-09-25T13:01:24","date_gmt":"2023-09-25T11:01:24","guid":{"rendered":"https:\/\/www.maiolegal.com\/maite-parejo-nombrada-copresidenta-del-observatorio-de-derechos-humanos-del-icam\/"},"modified":"2023-09-25T20:11:29","modified_gmt":"2023-09-25T18:11:29","slug":"maite-parejo-nombrada-copresidenta-del-observatorio-de-derechos-humanos-del-icam","status":"publish","type":"post","link":"https:\/\/www.maiolegal.com\/pt-pt\/maite-parejo-nombrada-copresidenta-del-observatorio-de-derechos-humanos-del-icam\/","title":{"rendered":"Maite Parejo, nombrada copresidenta del Observatorio de Derechos Humanos del ICAM"},"content":{"rendered":"<p><img loading=\"lazy\" decoding=\"async\" class=\"aligncenter size-full wp-image-17657\" src=\"https:\/\/www.maiolegal.com\/wp-content\/uploads\/Maite-Observatorio-Derechos-Humanos.png\" alt=\"\" width=\"2160\" height=\"1126\" srcset=\"https:\/\/www.maiolegal.com\/wp-content\/uploads\/Maite-Observatorio-Derechos-Humanos.png 2160w, https:\/\/www.maiolegal.com\/wp-content\/uploads\/Maite-Observatorio-Derechos-Humanos-1280x667.png 1280w, https:\/\/www.maiolegal.com\/wp-content\/uploads\/Maite-Observatorio-Derechos-Humanos-980x511.png 980w, https:\/\/www.maiolegal.com\/wp-content\/uploads\/Maite-Observatorio-Derechos-Humanos-480x250.png 480w\" sizes=\"(min-width: 0px) and (max-width: 480px) 480px, (min-width: 481px) and (max-width: 980px) 980px, (min-width: 981px) and (max-width: 1280px) 1280px, (min-width: 1281px) 2160px, 100vw\" \/><\/p>\n<p>Nuestra socia Maite Parejo, acaba de ser nombrada copresidenta del Observatorio de Derechos Humanos del Ilustro Colegio de la Abogac\u00eda de Madrid (ICAM). Esta iniciativa se enmarca dentro de sus objetivos de lograr un Colegio m\u00e1s influyente y m\u00e1s social.<\/p>\n","protected":false},"excerpt":{"rendered":"<p>Nuestra socia Maite Parejo, acaba de ser nombrada copresidenta del Observatorio de Derechos Humanos del Ilustro Colegio de la Abogac\u00eda de Madrid (ICAM). Esta iniciativa se enmarca dentro de sus objetivos de lograr un Colegio m\u00e1s influyente y m\u00e1s social.<\/p>\n","protected":false},"author":4,"featured_media":17659,"comment_status":"closed","ping_status":"closed","sticky":false,"template":"","format":"standard","meta":{"_et_pb_use_builder":"","_et_pb_old_content":"","_et_gb_content_width":"","footnotes":""},"categories":[196],"tags":[],"class_list":["post-17655","post","type-post","status-publish","format-standard","has-post-thumbnail","hentry","category-sem-categoria"],"yoast_head":"<!-- This site is optimized with the Yoast SEO plugin v27.4 - https:\/\/yoast.com\/product\/yoast-seo-wordpress\/ -->\n<title>Maite Parejo, nombrada copresidenta del Observatorio de Derechos Humanos del ICAM - MAIO Legal<\/title>\n<meta name=\"robots\" content=\"index, follow, max-snippet:-1, max-image-preview:large, max-video-preview:-1\" \/>\n<link rel=\"canonical\" href=\"https:\/\/www.maiolegal.com\/pt-pt\/maite-parejo-nombrada-copresidenta-del-observatorio-de-derechos-humanos-del-icam\/\" \/>\n<meta property=\"og:locale\" content=\"pt_PT\" \/>\n<meta property=\"og:type\" content=\"article\" \/>\n<meta property=\"og:title\" content=\"Maite Parejo, nombrada copresidenta del Observatorio de Derechos Humanos del ICAM - MAIO Legal\" \/>\n<meta property=\"og:description\" content=\"Nuestra socia Maite Parejo, acaba de ser nombrada copresidenta del Observatorio de Derechos Humanos del Ilustro Colegio de la Abogac\u00eda de Madrid (ICAM). Esta iniciativa se enmarca dentro de sus objetivos de lograr un Colegio m\u00e1s influyente y m\u00e1s social.\" \/>\n<meta property=\"og:url\" content=\"https:\/\/www.maiolegal.com\/pt-pt\/maite-parejo-nombrada-copresidenta-del-observatorio-de-derechos-humanos-del-icam\/\" \/>\n<meta property=\"og:site_name\" content=\"MAIO Legal\" \/>\n<meta property=\"article:published_time\" content=\"2023-09-25T11:01:24+00:00\" \/>\n<meta property=\"article:modified_time\" content=\"2023-09-25T18:11:29+00:00\" \/>\n<meta property=\"og:image\" content=\"https:\/\/www.maiolegal.com\/wp-content\/uploads\/Maite-Observatorio-Derechos-Humanos-1024x534.png\" \/>\n\t<meta property=\"og:image:width\" content=\"1024\" \/>\n\t<meta property=\"og:image:height\" content=\"534\" \/>\n\t<meta property=\"og:image:type\" content=\"image\/png\" \/>\n<meta name=\"author\" content=\"maiolegal\" \/>\n<meta name=\"twitter:card\" content=\"summary_large_image\" \/>\n<meta name=\"twitter:label1\" content=\"Escrito por\" \/>\n\t<meta name=\"twitter:data1\" content=\"maiolegal\" \/>\n\t<meta name=\"twitter:label2\" content=\"Tempo estimado de leitura\" \/>\n\t<meta name=\"twitter:data2\" content=\"1 minuto\" \/>\n<script type=\"application\/ld+json\" class=\"yoast-schema-graph\">{\"@context\":\"https:\\\/\\\/schema.org\",\"@graph\":[{\"@type\":\"Article\",\"@id\":\"https:\\\/\\\/www.maiolegal.com\\\/pt-pt\\\/maite-parejo-nombrada-copresidenta-del-observatorio-de-derechos-humanos-del-icam\\\/#article\",\"isPartOf\":{\"@id\":\"https:\\\/\\\/www.maiolegal.com\\\/pt-pt\\\/maite-parejo-nombrada-copresidenta-del-observatorio-de-derechos-humanos-del-icam\\\/\"},\"author\":{\"name\":\"maiolegal\",\"@id\":\"https:\\\/\\\/www.maiolegal.com\\\/pt-pt\\\/#\\\/schema\\\/person\\\/164f66cf5964d8094bfed77cf91abcaf\"},\"headline\":\"Maite Parejo, nombrada copresidenta del Observatorio de Derechos Humanos del ICAM\",\"datePublished\":\"2023-09-25T11:01:24+00:00\",\"dateModified\":\"2023-09-25T18:11:29+00:00\",\"mainEntityOfPage\":{\"@id\":\"https:\\\/\\\/www.maiolegal.com\\\/pt-pt\\\/maite-parejo-nombrada-copresidenta-del-observatorio-de-derechos-humanos-del-icam\\\/\"},\"wordCount\":54,\"image\":{\"@id\":\"https:\\\/\\\/www.maiolegal.com\\\/pt-pt\\\/maite-parejo-nombrada-copresidenta-del-observatorio-de-derechos-humanos-del-icam\\\/#primaryimage\"},\"thumbnailUrl\":\"https:\\\/\\\/www.maiolegal.com\\\/wp-content\\\/uploads\\\/Maite-Observatorio-Derechos-Humanos.png\",\"inLanguage\":\"pt-PT\"},{\"@type\":\"WebPage\",\"@id\":\"https:\\\/\\\/www.maiolegal.com\\\/pt-pt\\\/maite-parejo-nombrada-copresidenta-del-observatorio-de-derechos-humanos-del-icam\\\/\",\"url\":\"https:\\\/\\\/www.maiolegal.com\\\/pt-pt\\\/maite-parejo-nombrada-copresidenta-del-observatorio-de-derechos-humanos-del-icam\\\/\",\"name\":\"Maite Parejo, nombrada copresidenta del Observatorio de Derechos Humanos del ICAM - MAIO Legal\",\"isPartOf\":{\"@id\":\"https:\\\/\\\/www.maiolegal.com\\\/pt-pt\\\/#website\"},\"primaryImageOfPage\":{\"@id\":\"https:\\\/\\\/www.maiolegal.com\\\/pt-pt\\\/maite-parejo-nombrada-copresidenta-del-observatorio-de-derechos-humanos-del-icam\\\/#primaryimage\"},\"image\":{\"@id\":\"https:\\\/\\\/www.maiolegal.com\\\/pt-pt\\\/maite-parejo-nombrada-copresidenta-del-observatorio-de-derechos-humanos-del-icam\\\/#primaryimage\"},\"thumbnailUrl\":\"https:\\\/\\\/www.maiolegal.com\\\/wp-content\\\/uploads\\\/Maite-Observatorio-Derechos-Humanos.png\",\"datePublished\":\"2023-09-25T11:01:24+00:00\",\"dateModified\":\"2023-09-25T18:11:29+00:00\",\"author\":{\"@id\":\"https:\\\/\\\/www.maiolegal.com\\\/pt-pt\\\/#\\\/schema\\\/person\\\/164f66cf5964d8094bfed77cf91abcaf\"},\"breadcrumb\":{\"@id\":\"https:\\\/\\\/www.maiolegal.com\\\/pt-pt\\\/maite-parejo-nombrada-copresidenta-del-observatorio-de-derechos-humanos-del-icam\\\/#breadcrumb\"},\"inLanguage\":\"pt-PT\",\"potentialAction\":[{\"@type\":\"ReadAction\",\"target\":[\"https:\\\/\\\/www.maiolegal.com\\\/pt-pt\\\/maite-parejo-nombrada-copresidenta-del-observatorio-de-derechos-humanos-del-icam\\\/\"]}]},{\"@type\":\"ImageObject\",\"inLanguage\":\"pt-PT\",\"@id\":\"https:\\\/\\\/www.maiolegal.com\\\/pt-pt\\\/maite-parejo-nombrada-copresidenta-del-observatorio-de-derechos-humanos-del-icam\\\/#primaryimage\",\"url\":\"https:\\\/\\\/www.maiolegal.com\\\/wp-content\\\/uploads\\\/Maite-Observatorio-Derechos-Humanos.png\",\"contentUrl\":\"https:\\\/\\\/www.maiolegal.com\\\/wp-content\\\/uploads\\\/Maite-Observatorio-Derechos-Humanos.png\",\"width\":2160,\"height\":1126},{\"@type\":\"BreadcrumbList\",\"@id\":\"https:\\\/\\\/www.maiolegal.com\\\/pt-pt\\\/maite-parejo-nombrada-copresidenta-del-observatorio-de-derechos-humanos-del-icam\\\/#breadcrumb\",\"itemListElement\":[{\"@type\":\"ListItem\",\"position\":1,\"name\":\"Home\",\"item\":\"https:\\\/\\\/www.maiolegal.com\\\/pt-pt\\\/\"},{\"@type\":\"ListItem\",\"position\":2,\"name\":\"Maite Parejo, nombrada copresidenta del Observatorio de Derechos Humanos del ICAM\"}]},{\"@type\":\"WebSite\",\"@id\":\"https:\\\/\\\/www.maiolegal.com\\\/pt-pt\\\/#website\",\"url\":\"https:\\\/\\\/www.maiolegal.com\\\/pt-pt\\\/\",\"name\":\"MAIO Legal\",\"description\":\"Asesoramiento legal y tributario\",\"potentialAction\":[{\"@type\":\"SearchAction\",\"target\":{\"@type\":\"EntryPoint\",\"urlTemplate\":\"https:\\\/\\\/www.maiolegal.com\\\/pt-pt\\\/?s={search_term_string}\"},\"query-input\":{\"@type\":\"PropertyValueSpecification\",\"valueRequired\":true,\"valueName\":\"search_term_string\"}}],\"inLanguage\":\"pt-PT\"},{\"@type\":\"Person\",\"@id\":\"https:\\\/\\\/www.maiolegal.com\\\/pt-pt\\\/#\\\/schema\\\/person\\\/164f66cf5964d8094bfed77cf91abcaf\",\"name\":\"maiolegal\",\"image\":{\"@type\":\"ImageObject\",\"inLanguage\":\"pt-PT\",\"@id\":\"https:\\\/\\\/secure.gravatar.com\\\/avatar\\\/bc55e3c6304684e0cc8123f235e967ea32b210076c987c0fa3ff4ca3abe88355?s=96&d=mm&r=g\",\"url\":\"https:\\\/\\\/secure.gravatar.com\\\/avatar\\\/bc55e3c6304684e0cc8123f235e967ea32b210076c987c0fa3ff4ca3abe88355?s=96&d=mm&r=g\",\"contentUrl\":\"https:\\\/\\\/secure.gravatar.com\\\/avatar\\\/bc55e3c6304684e0cc8123f235e967ea32b210076c987c0fa3ff4ca3abe88355?s=96&d=mm&r=g\",\"caption\":\"maiolegal\"},\"url\":\"https:\\\/\\\/www.maiolegal.com\\\/pt-pt\\\/author\\\/maiolegal\\\/\"}]}<\/script>\n<!-- \/ Yoast SEO plugin. -->","yoast_head_json":{"title":"Maite Parejo, nombrada copresidenta del Observatorio de Derechos Humanos del ICAM - MAIO Legal","robots":{"index":"index","follow":"follow","max-snippet":"max-snippet:-1","max-image-preview":"max-image-preview:large","max-video-preview":"max-video-preview:-1"},"canonical":"https:\/\/www.maiolegal.com\/pt-pt\/maite-parejo-nombrada-copresidenta-del-observatorio-de-derechos-humanos-del-icam\/","og_locale":"pt_PT","og_type":"article","og_title":"Maite Parejo, nombrada copresidenta del Observatorio de Derechos Humanos del ICAM - MAIO Legal","og_description":"Nuestra socia Maite Parejo, acaba de ser nombrada copresidenta del Observatorio de Derechos Humanos del Ilustro Colegio de la Abogac\u00eda de Madrid (ICAM). Esta iniciativa se enmarca dentro de sus objetivos de lograr un Colegio m\u00e1s influyente y m\u00e1s social.","og_url":"https:\/\/www.maiolegal.com\/pt-pt\/maite-parejo-nombrada-copresidenta-del-observatorio-de-derechos-humanos-del-icam\/","og_site_name":"MAIO Legal","article_published_time":"2023-09-25T11:01:24+00:00","article_modified_time":"2023-09-25T18:11:29+00:00","og_image":[{"width":1024,"height":534,"url":"https:\/\/www.maiolegal.com\/wp-content\/uploads\/Maite-Observatorio-Derechos-Humanos-1024x534.png","type":"image\/png"}],"author":"maiolegal","twitter_card":"summary_large_image","twitter_misc":{"Escrito por":"maiolegal","Tempo estimado de leitura":"1 minuto"},"schema":{"@context":"https:\/\/schema.org","@graph":[{"@type":"Article","@id":"https:\/\/www.maiolegal.com\/pt-pt\/maite-parejo-nombrada-copresidenta-del-observatorio-de-derechos-humanos-del-icam\/#article","isPartOf":{"@id":"https:\/\/www.maiolegal.com\/pt-pt\/maite-parejo-nombrada-copresidenta-del-observatorio-de-derechos-humanos-del-icam\/"},"author":{"name":"maiolegal","@id":"https:\/\/www.maiolegal.com\/pt-pt\/#\/schema\/person\/164f66cf5964d8094bfed77cf91abcaf"},"headline":"Maite Parejo, nombrada copresidenta del Observatorio de Derechos Humanos del ICAM","datePublished":"2023-09-25T11:01:24+00:00","dateModified":"2023-09-25T18:11:29+00:00","mainEntityOfPage":{"@id":"https:\/\/www.maiolegal.com\/pt-pt\/maite-parejo-nombrada-copresidenta-del-observatorio-de-derechos-humanos-del-icam\/"},"wordCount":54,"image":{"@id":"https:\/\/www.maiolegal.com\/pt-pt\/maite-parejo-nombrada-copresidenta-del-observatorio-de-derechos-humanos-del-icam\/#primaryimage"},"thumbnailUrl":"https:\/\/www.maiolegal.com\/wp-content\/uploads\/Maite-Observatorio-Derechos-Humanos.png","inLanguage":"pt-PT"},{"@type":"WebPage","@id":"https:\/\/www.maiolegal.com\/pt-pt\/maite-parejo-nombrada-copresidenta-del-observatorio-de-derechos-humanos-del-icam\/","url":"https:\/\/www.maiolegal.com\/pt-pt\/maite-parejo-nombrada-copresidenta-del-observatorio-de-derechos-humanos-del-icam\/","name":"Maite Parejo, nombrada copresidenta del Observatorio de Derechos Humanos del ICAM - MAIO Legal","isPartOf":{"@id":"https:\/\/www.maiolegal.com\/pt-pt\/#website"},"primaryImageOfPage":{"@id":"https:\/\/www.maiolegal.com\/pt-pt\/maite-parejo-nombrada-copresidenta-del-observatorio-de-derechos-humanos-del-icam\/#primaryimage"},"image":{"@id":"https:\/\/www.maiolegal.com\/pt-pt\/maite-parejo-nombrada-copresidenta-del-observatorio-de-derechos-humanos-del-icam\/#primaryimage"},"thumbnailUrl":"https:\/\/www.maiolegal.com\/wp-content\/uploads\/Maite-Observatorio-Derechos-Humanos.png","datePublished":"2023-09-25T11:01:24+00:00","dateModified":"2023-09-25T18:11:29+00:00","author":{"@id":"https:\/\/www.maiolegal.com\/pt-pt\/#\/schema\/person\/164f66cf5964d8094bfed77cf91abcaf"},"breadcrumb":{"@id":"https:\/\/www.maiolegal.com\/pt-pt\/maite-parejo-nombrada-copresidenta-del-observatorio-de-derechos-humanos-del-icam\/#breadcrumb"},"inLanguage":"pt-PT","potentialAction":[{"@type":"ReadAction","target":["https:\/\/www.maiolegal.com\/pt-pt\/maite-parejo-nombrada-copresidenta-del-observatorio-de-derechos-humanos-del-icam\/"]}]},{"@type":"ImageObject","inLanguage":"pt-PT","@id":"https:\/\/www.maiolegal.com\/pt-pt\/maite-parejo-nombrada-copresidenta-del-observatorio-de-derechos-humanos-del-icam\/#primaryimage","url":"https:\/\/www.maiolegal.com\/wp-content\/uploads\/Maite-Observatorio-Derechos-Humanos.png","contentUrl":"https:\/\/www.maiolegal.com\/wp-content\/uploads\/Maite-Observatorio-Derechos-Humanos.png","width":2160,"height":1126},{"@type":"BreadcrumbList","@id":"https:\/\/www.maiolegal.com\/pt-pt\/maite-parejo-nombrada-copresidenta-del-observatorio-de-derechos-humanos-del-icam\/#breadcrumb","itemListElement":[{"@type":"ListItem","position":1,"name":"Home","item":"https:\/\/www.maiolegal.com\/pt-pt\/"},{"@type":"ListItem","position":2,"name":"Maite Parejo, nombrada copresidenta del Observatorio de Derechos Humanos del ICAM"}]},{"@type":"WebSite","@id":"https:\/\/www.maiolegal.com\/pt-pt\/#website","url":"https:\/\/www.maiolegal.com\/pt-pt\/","name":"MAIO Legal","description":"Asesoramiento legal y tributario","potentialAction":[{"@type":"SearchAction","target":{"@type":"EntryPoint","urlTemplate":"https:\/\/www.maiolegal.com\/pt-pt\/?s={search_term_string}"},"query-input":{"@type":"PropertyValueSpecification","valueRequired":true,"valueName":"search_term_string"}}],"inLanguage":"pt-PT"},{"@type":"Person","@id":"https:\/\/www.maiolegal.com\/pt-pt\/#\/schema\/person\/164f66cf5964d8094bfed77cf91abcaf","name":"maiolegal","image":{"@type":"ImageObject","inLanguage":"pt-PT","@id":"https:\/\/secure.gravatar.com\/avatar\/bc55e3c6304684e0cc8123f235e967ea32b210076c987c0fa3ff4ca3abe88355?s=96&d=mm&r=g","url":"https:\/\/secure.gravatar.com\/avatar\/bc55e3c6304684e0cc8123f235e967ea32b210076c987c0fa3ff4ca3abe88355?s=96&d=mm&r=g","contentUrl":"https:\/\/secure.gravatar.com\/avatar\/bc55e3c6304684e0cc8123f235e967ea32b210076c987c0fa3ff4ca3abe88355?s=96&d=mm&r=g","caption":"maiolegal"},"url":"https:\/\/www.maiolegal.com\/pt-pt\/author\/maiolegal\/"}]}},"_links":{"self":[{"href":"https:\/\/www.maiolegal.com\/pt-pt\/wp-json\/wp\/v2\/posts\/17655","targetHints":{"allow":["GET"]}}],"collection":[{"href":"https:\/\/www.maiolegal.com\/pt-pt\/wp-json\/wp\/v2\/posts"}],"about":[{"href":"https:\/\/www.maiolegal.com\/pt-pt\/wp-json\/wp\/v2\/types\/post"}],"author":[{"embeddable":true,"href":"https:\/\/www.maiolegal.com\/pt-pt\/wp-json\/wp\/v2\/users\/4"}],"replies":[{"embeddable":true,"href":"https:\/\/www.maiolegal.com\/pt-pt\/wp-json\/wp\/v2\/comments?post=17655"}],"version-history":[{"count":1,"href":"https:\/\/www.maiolegal.com\/pt-pt\/wp-json\/wp\/v2\/posts\/17655\/revisions"}],"predecessor-version":[{"id":17662,"href":"https:\/\/www.maiolegal.com\/pt-pt\/wp-json\/wp\/v2\/posts\/17655\/revisions\/17662"}],"wp:featuredmedia":[{"embeddable":true,"href":"https:\/\/www.maiolegal.com\/pt-pt\/wp-json\/wp\/v2\/media\/17659"}],"wp:attachment":[{"href":"https:\/\/www.maiolegal.com\/pt-pt\/wp-json\/wp\/v2\/media?parent=17655"}],"wp:term":[{"taxonomy":"category","embeddable":true,"href":"https:\/\/www.maiolegal.com\/pt-pt\/wp-json\/wp\/v2\/categories?post=17655"},{"taxonomy":"post_tag","embeddable":true,"href":"https:\/\/www.maiolegal.com\/pt-pt\/wp-json\/wp\/v2\/tags?post=17655"}],"curies":[{"name":"wp","href":"https:\/\/api.w.org\/{rel}","templated":true}]}}